{"id":6063,"date":"2024-01-31T11:34:51","date_gmt":"2024-01-31T10:34:51","guid":{"rendered":"https:\/\/ceramin.de\/?p=6063"},"modified":"2025-12-10T11:16:52","modified_gmt":"2025-12-10T10:16:52","slug":"the-ceramin-renovation-guide-6","status":"publish","type":"post","link":"https:\/\/ceramin.de\/en\/magazin\/the-ceramin-renovation-guide-6\/","title":{"rendered":"CERAMIN\u00ae gewinnt EIFEL Award f\u00fcr regionale Nachhaltigkeit"},"content":{"rendered":"<div data-elementor-type=\"wp-post\" data-elementor-id=\"6063\" class=\"elementor elementor-6063\" data-elementor-post-type=\"post\">\n\t\t\t\t\t\t<section class=\"elementor-section elementor-top-section elementor-element elementor-element-404182f elementor-section-content-middle elementor-section-boxed elementor-section-height-default elementor-section-height-default wpr-particle-no wpr-jarallax-no wpr-parallax-no wpr-sticky-section-no\" data-id=\"404182f\" data-element_type=\"section\">\n\t\t\t\t\t\t<div class=\"elementor-container elementor-column-gap-default\">\n\t\t\t\t\t<div class=\"elementor-column elementor-col-50 elementor-top-column elementor-element elementor-element-a751ee0\" data-id=\"a751ee0\" data-element_type=\"column\">\n\t\t\t<div class=\"elementor-widget-wrap elementor-element-populated\">\n\t\t\t\t\t\t<section class=\"elementor-section elementor-inner-section elementor-element elementor-element-e96ba03 elementor-section-boxed elementor-section-height-default elementor-section-height-default wpr-particle-no wpr-jarallax-no wpr-parallax-no wpr-sticky-section-no\" data-id=\"e96ba03\" data-element_type=\"section\">\n\t\t\t\t\t\t<div class=\"elementor-container elementor-column-gap-default\">\n\t\t\t\t\t<div class=\"elementor-column elementor-col-50 elementor-inner-column elementor-element elementor-element-4ffce82\" data-id=\"4ffce82\" data-element_type=\"column\">\n\t\t\t<div class=\"elementor-widget-wrap elementor-element-populated\">\n\t\t\t\t\t\t<div class=\"elementor-element elementor-element-3904a11 elementor-icon-list--layout-traditional elementor-list-item-link-full_width elementor-widget elementor-widget-icon-list\" data-id=\"3904a11\" data-element_type=\"widget\" data-widget_type=\"icon-list.default\">\n\t\t\t\t<div class=\"elementor-widget-container\">\n\t\t\t\t\t\t\t<ul class=\"elementor-icon-list-items\">\n\t\t\t\t\t\t\t<li class=\"elementor-icon-list-item\">\n\t\t\t\t\t\t\t\t\t\t\t<span class=\"elementor-icon-list-icon\">\n\t\t\t\t\t\t\t<i aria-hidden=\"true\" class=\"far fa-clock\"><\/i>\t\t\t\t\t\t<\/span>\n\t\t\t\t\t\t\t\t\t\t<span class=\"elementor-icon-list-text\"><span class=\"span-reading-time rt-reading-time\"><span class=\"rt-label rt-prefix\"><\/span> <span class=\"rt-time\"> 2<\/span> <span class=\"rt-label rt-postfix\"><\/span><\/span> min reading time<\/span>\n\t\t\t\t\t\t\t\t\t<\/li>\n\t\t\t\t\t\t<\/ul>\n\t\t\t\t\t\t<\/div>\n\t\t\t\t<\/div>\n\t\t\t\t\t<\/div>\n\t\t<\/div>\n\t\t\t\t<div class=\"elementor-column elementor-col-50 elementor-inner-column elementor-element elementor-element-b0145d6\" data-id=\"b0145d6\" data-element_type=\"column\">\n\t\t\t<div class=\"elementor-widget-wrap elementor-element-populated\">\n\t\t\t\t\t\t<div class=\"elementor-element elementor-element-3c62e3a elementor-align-right elementor-widget elementor-widget-post-info\" data-id=\"3c62e3a\" data-element_type=\"widget\" data-widget_type=\"post-info.default\">\n\t\t\t\t<div class=\"elementor-widget-container\">\n\t\t\t\t\t\t\t<ul class=\"elementor-inline-items elementor-icon-list-items elementor-post-info\">\n\t\t\t\t\t\t\t\t<li class=\"elementor-icon-list-item elementor-repeater-item-8221d47 elementor-inline-item\" itemprop=\"about\">\n\t\t\t\t\t\t\t\t\t\t<span class=\"elementor-icon-list-icon\">\n\t\t\t\t\t\t\t\t<i aria-hidden=\"true\" class=\"fas fa-tags\"><\/i>\t\t\t\t\t\t\t<\/span>\n\t\t\t\t\t\t\t\t\t<span class=\"elementor-icon-list-text elementor-post-info__item elementor-post-info__item--type-terms\">\n\t\t\t\t\t\t\t\t\t\t<span class=\"elementor-post-info__terms-list\">\n\t\t\t\t<a href=\"https:\/\/ceramin.de\/en\/magazin\/tag\/infos\/\" class=\"elementor-post-info__terms-list-item\">Infos<\/a>\t\t\t\t<\/span>\n\t\t\t\t\t<\/span>\n\t\t\t\t\t\t\t\t<\/li>\n\t\t\t\t<\/ul>\n\t\t\t\t\t\t<\/div>\n\t\t\t\t<\/div>\n\t\t\t\t\t<\/div>\n\t\t<\/div>\n\t\t\t\t\t<\/div>\n\t\t<\/section>\n\t\t\t\t<div class=\"elementor-element elementor-element-692be84 elementor-widget elementor-widget-heading\" data-id=\"692be84\" data-element_type=\"widget\" data-widget_type=\"heading.default\">\n\t\t\t\t<div class=\"elementor-widget-container\">\n\t\t\t\t\t<h1 class=\"elementor-heading-title elementor-size-default\">CERAMIN\u00ae gewinnt EIFEL Award f\u00fcr regionale Nachhaltigkeit<\/h1>\t\t\t\t<\/div>\n\t\t\t\t<\/div>\n\t\t\t\t<div class=\"elementor-element elementor-element-7041f98 elementor-widget elementor-widget-text-editor\" data-id=\"7041f98\" data-element_type=\"widget\" data-widget_type=\"text-editor.default\">\n\t\t\t\t<div class=\"elementor-widget-container\">\n\t\t\t\t\t\t\t\t\t<p><b>Die Eifel ist bekannt f\u00fcr wundersch\u00f6ne Naturgebiete und Gebirge. Vielleicht ist die Region genau deshalb der Sitz vieler Unternehmen, die sich \u00fcber alle Ma\u00dfen hinaus f\u00fcr umweltfreundliche Technologien und Wirtschaft einsetzen. Der EIFEL Award wurde ins Leben gerufen, um dieses Engagement zu w\u00fcrdigen. In der Kategorie Nachhaltigkeit gewann dieses Jahr die CLASSEN Gruppe mit dem Werkstoff CERAMIN f\u00fcr au\u00dfergew\u00f6hnliche Leistungen f\u00fcr die Umwelt. <\/b><\/p>\t\t\t\t\t\t\t\t<\/div>\n\t\t\t\t<\/div>\n\t\t\t\t<div class=\"elementor-element elementor-element-32ae26b elementor-widget elementor-widget-text-editor\" data-id=\"32ae26b\" data-element_type=\"widget\" data-widget_type=\"text-editor.default\">\n\t\t\t\t<div class=\"elementor-widget-container\">\n\t\t\t\t\t\t\t\t\t<p><span style=\"font-weight: 400;\">Die Zukunftsinitiative Eifel verleiht den EIFEL Award dieses Jahr an Unternehmen, die sich in besonderem Ma\u00dfe der Nachhaltigkeit widmen. St\u00e4dteregionsrat und Gastgeber Dr. Tim Gr\u00fcttemeier betonte bei der Preisverleihung <\/span><span style=\"font-weight: 400;\">am 23.1.2024 <\/span><span style=\"font-weight: 400;\">das hohe Niveau der Einreichungen: \u201eDer diesj\u00e4hrige Award zeichnet Unternehmen aus, die nicht nur von Nachhaltigkeit reden, sondern bereits aktiv mit konkreten Projekten auf dem Weg sind.\u201d Die Jury betrachtete f\u00fcr die Nominierung nicht nur zuk\u00fcnftige Vorhaben, sondern bekam auch Einblick in bereits laufende Bauma\u00dfnahmen, Energiesparinitativen und Innovationen in den Unternehmen.<\/span><\/p>\t\t\t\t\t\t\t\t<\/div>\n\t\t\t\t<\/div>\n\t\t\t\t\t<\/div>\n\t\t<\/div>\n\t\t\t\t<div class=\"elementor-column elementor-col-50 elementor-top-column elementor-element elementor-element-04e3476\" data-id=\"04e3476\" data-element_type=\"column\" data-settings=\"{&quot;background_background&quot;:&quot;classic&quot;}\">\n\t\t\t<div class=\"elementor-widget-wrap elementor-element-populated\">\n\t\t\t\t\t\t<div class=\"elementor-element elementor-element-e494971 elementor-widget elementor-widget-spacer\" data-id=\"e494971\" data-element_type=\"widget\" data-widget_type=\"spacer.default\">\n\t\t\t\t<div class=\"elementor-widget-container\">\n\t\t\t\t\t\t\t<div class=\"elementor-spacer\">\n\t\t\t<div class=\"elementor-spacer-inner\"><\/div>\n\t\t<\/div>\n\t\t\t\t\t\t<\/div>\n\t\t\t\t<\/div>\n\t\t\t\t\t<\/div>\n\t\t<\/div>\n\t\t\t\t\t<\/div>\n\t\t<\/section>\n\t\t\t\t<section class=\"elementor-section elementor-top-section elementor-element elementor-element-7740506 elementor-section-content-middle elementor-reverse-mobile elementor-section-boxed elementor-section-height-default elementor-section-height-default wpr-particle-no wpr-jarallax-no wpr-parallax-no wpr-sticky-section-no\" data-id=\"7740506\" data-element_type=\"section\" data-settings=\"{&quot;background_background&quot;:&quot;classic&quot;}\">\n\t\t\t\t\t\t<div class=\"elementor-container elementor-column-gap-default\">\n\t\t\t\t\t<div class=\"elementor-column elementor-col-50 elementor-top-column elementor-element elementor-element-df3203a\" data-id=\"df3203a\" data-element_type=\"column\" data-settings=\"{&quot;background_background&quot;:&quot;classic&quot;}\">\n\t\t\t<div class=\"elementor-widget-wrap elementor-element-populated\">\n\t\t\t\t\t\t<div class=\"elementor-element elementor-element-e2465cf elementor-widget elementor-widget-spacer\" data-id=\"e2465cf\" data-element_type=\"widget\" data-widget_type=\"spacer.default\">\n\t\t\t\t<div class=\"elementor-widget-container\">\n\t\t\t\t\t\t\t<div class=\"elementor-spacer\">\n\t\t\t<div class=\"elementor-spacer-inner\"><\/div>\n\t\t<\/div>\n\t\t\t\t\t\t<\/div>\n\t\t\t\t<\/div>\n\t\t\t\t\t<\/div>\n\t\t<\/div>\n\t\t\t\t<div class=\"elementor-column elementor-col-50 elementor-top-column elementor-element elementor-element-74a71c5\" data-id=\"74a71c5\" data-element_type=\"column\">\n\t\t\t<div class=\"elementor-widget-wrap elementor-element-populated\">\n\t\t\t\t\t\t<div class=\"elementor-element elementor-element-8b81ade elementor-widget elementor-widget-heading\" data-id=\"8b81ade\" data-element_type=\"widget\" data-widget_type=\"heading.default\">\n\t\t\t\t<div class=\"elementor-widget-container\">\n\t\t\t\t\t<h2 class=\"elementor-heading-title elementor-size-default\">Gr\u00fcnen Boden f\u00fcr die Zukunft legen<\/h2>\t\t\t\t<\/div>\n\t\t\t\t<\/div>\n\t\t\t\t<div class=\"elementor-element elementor-element-6efe55f elementor-widget elementor-widget-text-editor\" data-id=\"6efe55f\" data-element_type=\"widget\" data-widget_type=\"text-editor.default\">\n\t\t\t\t<div class=\"elementor-widget-container\">\n\t\t\t\t\t\t\t\t\t<p><span style=\"font-weight: 400;\">Die CLASSEN Gruppe \u00fcberzeugte die Zukunftsinitiative mit kontinuierlichem Einsatz f\u00fcr eine nachhaltige Wirtschaft seit der Gr\u00fcndung und bis heute. Das familiengef\u00fchrte Unternehmen geh\u00f6rt zu den weltweit f\u00fchrenden Herstellern von <\/span><span style=\"font-weight: 400;\">Laminat- und Designb\u00f6den sowie Wandfliesen. Dabei liegt ein besonderer Fokus auf umweltvertr\u00e4glichen Produkten. Heraus sticht der <\/span><span style=\"font-weight: 400;\">selbst entwickelte Werkstoff <\/span><span style=\"font-weight: 400;\">CERAMIN<\/span><span style=\"font-weight: 400;\">. Er wird<\/span><span style=\"font-weight: 400;\"> aus verbrauchten Plastikprodukten hergestellt und ist somit zu 100 Prozent recyclingf\u00e4hig. Dabei wird bewusst auf Schadstoffe wie PVC oder Phthalate verzichtet und auf wohngesunde Alternativen gesetzt. Das ist in dieser Form einzigartig in der Bodenbelagsindustrie \u2013 und: es wurde in der Eifel entwickelt und produziert.\u00a0<\/span><\/p><p><span style=\"font-weight: 400;\">Die CLASSEN Gruppe ist seit Jahrzehnten in der Eifel verwurzelt und hat in Kaisersesch ihren Hauptsitz. Hier werden die hochwertigen CERAMIN Wand- und Bodenbel\u00e4ge hergestellt. Als einer der gr\u00f6\u00dften lokalen Arbeitgeber engagiert sich das Familienunternehmen f\u00fcr die Region und unterst\u00fctzt finanziell und mit Bodenspenden die Gemeinschaft. Der Einsatz f\u00fcr die Region und die vielen Bestrebungen und Innovationen f\u00fcr mehr Nachhaltigkeit der CLASSEN Gruppe konnten die Jury des EIFEL Awards vollst\u00e4ndig \u00fcberzeugen. Der B\u00fcrgermeister der Verbandsgemeinde Kaisersesch, Albert Jung, und der Kreisbeigeordnete Thomas Basten sind zur Verleihung angereist, um dem Unternehmen pers\u00f6nlich zur namhaften Auszeichnung zu gratulieren.<\/span><\/p>\t\t\t\t\t\t\t\t<\/div>\n\t\t\t\t<\/div>\n\t\t\t\t\t<\/div>\n\t\t<\/div>\n\t\t\t\t\t<\/div>\n\t\t<\/section>\n\t\t\t\t<section class=\"elementor-section elementor-top-section elementor-element elementor-element-49ff9de elementor-section-boxed elementor-section-height-default elementor-section-height-default wpr-particle-no wpr-jarallax-no wpr-parallax-no wpr-sticky-section-no\" data-id=\"49ff9de\" data-element_type=\"section\">\n\t\t\t\t\t\t<div class=\"elementor-container elementor-column-gap-default\">\n\t\t\t\t\t<div class=\"elementor-column elementor-col-100 elementor-top-column elementor-element elementor-element-e1817e7\" data-id=\"e1817e7\" data-element_type=\"column\">\n\t\t\t<div class=\"elementor-widget-wrap elementor-element-populated\">\n\t\t\t\t\t\t<div class=\"elementor-element elementor-element-1b9c155 elementor-widget elementor-widget-heading\" data-id=\"1b9c155\" data-element_type=\"widget\" data-widget_type=\"heading.default\">\n\t\t\t\t<div class=\"elementor-widget-container\">\n\t\t\t\t\t<h2 class=\"elementor-heading-title elementor-size-default\">Nachhaltigkeit ist Teamarbeit<\/h2>\t\t\t\t<\/div>\n\t\t\t\t<\/div>\n\t\t\t\t<div class=\"elementor-element elementor-element-84fbaca elementor-widget elementor-widget-text-editor\" data-id=\"84fbaca\" data-element_type=\"widget\" data-widget_type=\"text-editor.default\">\n\t\t\t\t<div class=\"elementor-widget-container\">\n\t\t\t\t\t\t\t\t\t<p><span style=\"font-weight: 400;\">Julie Quervel, die Nachhaltigkeitsreferentin der CLASSEN Gruppe, nahm den EIFEL Award auf der Preisverleihung stellvertretend f\u00fcr fast 2.000 Mitarbeiterinnen und Mitarbeiter entgegen: <\/span><span style=\"font-weight: 400;\">\u201eWir alle bei CLASSEN setzen uns f\u00fcr eine nachhaltige Bodenbelagsbranche ein, die auch in Zukunft \u00f6kologisch und umweltfreundliche Innovationen wie CERAMIN hervorbringt. Daf\u00fcr sind wir immer auf der Suche nach Fachkr\u00e4ften, die ihren Teil zur gr\u00fcnen Transformation von hier in der Eifel beitragen wollen. Wir sind stolz auf die Arbeit, die das gesamte Team erreicht hat und f\u00fchlen uns geehrt, f\u00fcr diese Leistungen den EIFEL Award zu erhalten.\u201d <\/span><span style=\"font-weight: 400;\">Der Preis hat seitdem seinen festen Ehrenplatz im Eingangsbereich des Unternehmens in Kaisersesch gefunden.<\/span><\/p>\t\t\t\t\t\t\t\t<\/div>\n\t\t\t\t<\/div>\n\t\t\t\t\t<\/div>\n\t\t<\/div>\n\t\t\t\t\t<\/div>\n\t\t<\/section>\n\t\t\t\t<\/div>","protected":false},"excerpt":{"rendered":"<p>The Eifel region honors companies that are committed to environmental technologies, such as the CLASSEN Group, which won the EIFEL Award in the sustainability category for its environmentally friendly achievements with the material CERAMIN.<\/p>","protected":false},"author":9,"featured_media":6082,"comment_status":"closed","ping_status":"closed","sticky":false,"template":"","format":"standard","meta":{"_acf_changed":false,"content-type":"","footnotes":""},"categories":[162],"tags":[211],"class_list":["post-6063","post","type-post","status-publish","format-standard","has-post-thumbnail","hentry","category-magazin","tag-infos"],"acf":[],"yoast_head":"<!-- This site is optimized with the Yoast SEO Premium plugin v26.5 (Yoast SEO v26.5) - https:\/\/yoast.com\/wordpress\/plugins\/seo\/ -->\n<title>CERAMIN\u00ae gewinnt EIFEL Award f\u00fcr regionale Nachhaltigkeit<\/title>\n<meta name=\"description\" content=\"CERAMIN\u00ae gewinnt EIFEL Award f\u00fcr regionale Nachhaltigkeit: CLASSEN wird mit dem EIFEL Award in Nachhaltigkeit ausgezeichnet f\u00fcr ihre umweltfreundlichen Leistungen mit dem Werkstoff CERAMIN\u00ae.\" \/>\n<meta name=\"robots\" content=\"index, follow, max-snippet:-1, max-image-preview:large, max-video-preview:-1\" \/>\n<link rel=\"canonical\" href=\"https:\/\/ceramin.de\/en\/magazin\/the-ceramin-renovation-guide-6\/\" \/>\n<meta property=\"og:locale\" content=\"en_GB\" \/>\n<meta property=\"og:type\" content=\"article\" \/>\n<meta property=\"og:title\" content=\"CERAMIN\u00ae gewinnt EIFEL Award f\u00fcr regionale Nachhaltigkeit\" \/>\n<meta property=\"og:description\" content=\"CERAMIN\u00ae gewinnt EIFEL Award f\u00fcr regionale Nachhaltigkeit: CLASSEN wird mit dem EIFEL Award in Nachhaltigkeit ausgezeichnet f\u00fcr ihre umweltfreundlichen Leistungen mit dem Werkstoff CERAMIN\u00ae.\" \/>\n<meta property=\"og:url\" content=\"https:\/\/ceramin.de\/en\/magazin\/the-ceramin-renovation-guide-6\/\" \/>\n<meta property=\"og:site_name\" content=\"CERAMIN\" \/>\n<meta property=\"article:published_time\" content=\"2024-01-31T10:34:51+00:00\" \/>\n<meta property=\"article:modified_time\" content=\"2025-12-10T10:16:52+00:00\" \/>\n<meta property=\"og:image\" content=\"https:\/\/ceramin.de\/wp-content\/uploads\/EifelAward2023-42-Foto_EifelTourismusGmbH-PeterStollenwerk-scaled.jpg\" \/>\n\t<meta property=\"og:image:width\" content=\"2560\" \/>\n\t<meta property=\"og:image:height\" content=\"1723\" \/>\n\t<meta property=\"og:image:type\" content=\"image\/jpeg\" \/>\n<meta name=\"author\" content=\"Clarissa Junk\" \/>\n<meta name=\"twitter:card\" content=\"summary_large_image\" \/>\n<meta name=\"twitter:label1\" content=\"Written by\" \/>\n\t<meta name=\"twitter:data1\" content=\"Clarissa Junk\" \/>\n\t<meta name=\"twitter:label2\" content=\"Estimated reading time\" \/>\n\t<meta name=\"twitter:data2\" content=\"3 minutes\" \/>\n<script type=\"application\/ld+json\" class=\"yoast-schema-graph\">{\"@context\":\"https:\/\/schema.org\",\"@graph\":[{\"@type\":\"Article\",\"@id\":\"https:\/\/ceramin.de\/magazin\/ceramin-gewinnt-eifel-award-fuer-regionale-nachhaltigkeit\/#article\",\"isPartOf\":{\"@id\":\"https:\/\/ceramin.de\/magazin\/ceramin-gewinnt-eifel-award-fuer-regionale-nachhaltigkeit\/\"},\"author\":{\"name\":\"Clarissa Junk\",\"@id\":\"https:\/\/ceramin.de\/#\/schema\/person\/ea139f3e473866f179e608d68b7d4f59\"},\"headline\":\"CERAMIN\u00ae gewinnt EIFEL Award f\u00fcr regionale Nachhaltigkeit\",\"datePublished\":\"2024-01-31T10:34:51+00:00\",\"dateModified\":\"2025-12-10T10:16:52+00:00\",\"mainEntityOfPage\":{\"@id\":\"https:\/\/ceramin.de\/magazin\/ceramin-gewinnt-eifel-award-fuer-regionale-nachhaltigkeit\/\"},\"wordCount\":509,\"publisher\":{\"@id\":\"https:\/\/ceramin.de\/#organization\"},\"image\":{\"@id\":\"https:\/\/ceramin.de\/magazin\/ceramin-gewinnt-eifel-award-fuer-regionale-nachhaltigkeit\/#primaryimage\"},\"thumbnailUrl\":\"https:\/\/ceramin.de\/wp-content\/uploads\/EifelAward2023-42-Foto_EifelTourismusGmbH-PeterStollenwerk-scaled.jpg\",\"keywords\":[\"Infos\"],\"articleSection\":[\"Magazin\"],\"inLanguage\":\"en-GB\"},{\"@type\":\"WebPage\",\"@id\":\"https:\/\/ceramin.de\/magazin\/ceramin-gewinnt-eifel-award-fuer-regionale-nachhaltigkeit\/\",\"url\":\"https:\/\/ceramin.de\/magazin\/ceramin-gewinnt-eifel-award-fuer-regionale-nachhaltigkeit\/\",\"name\":\"CERAMIN\u00ae gewinnt EIFEL Award f\u00fcr regionale Nachhaltigkeit\",\"isPartOf\":{\"@id\":\"https:\/\/ceramin.de\/#website\"},\"primaryImageOfPage\":{\"@id\":\"https:\/\/ceramin.de\/magazin\/ceramin-gewinnt-eifel-award-fuer-regionale-nachhaltigkeit\/#primaryimage\"},\"image\":{\"@id\":\"https:\/\/ceramin.de\/magazin\/ceramin-gewinnt-eifel-award-fuer-regionale-nachhaltigkeit\/#primaryimage\"},\"thumbnailUrl\":\"https:\/\/ceramin.de\/wp-content\/uploads\/EifelAward2023-42-Foto_EifelTourismusGmbH-PeterStollenwerk-scaled.jpg\",\"datePublished\":\"2024-01-31T10:34:51+00:00\",\"dateModified\":\"2025-12-10T10:16:52+00:00\",\"description\":\"CERAMIN\u00ae gewinnt EIFEL Award f\u00fcr regionale Nachhaltigkeit: CLASSEN wird mit dem EIFEL Award in Nachhaltigkeit ausgezeichnet f\u00fcr ihre umweltfreundlichen Leistungen mit dem Werkstoff CERAMIN\u00ae.\",\"breadcrumb\":{\"@id\":\"https:\/\/ceramin.de\/magazin\/ceramin-gewinnt-eifel-award-fuer-regionale-nachhaltigkeit\/#breadcrumb\"},\"inLanguage\":\"en-GB\",\"potentialAction\":[{\"@type\":\"ReadAction\",\"target\":[\"https:\/\/ceramin.de\/magazin\/ceramin-gewinnt-eifel-award-fuer-regionale-nachhaltigkeit\/\"]}]},{\"@type\":\"ImageObject\",\"inLanguage\":\"en-GB\",\"@id\":\"https:\/\/ceramin.de\/magazin\/ceramin-gewinnt-eifel-award-fuer-regionale-nachhaltigkeit\/#primaryimage\",\"url\":\"https:\/\/ceramin.de\/wp-content\/uploads\/EifelAward2023-42-Foto_EifelTourismusGmbH-PeterStollenwerk-scaled.jpg\",\"contentUrl\":\"https:\/\/ceramin.de\/wp-content\/uploads\/EifelAward2023-42-Foto_EifelTourismusGmbH-PeterStollenwerk-scaled.jpg\",\"width\":2560,\"height\":1723},{\"@type\":\"BreadcrumbList\",\"@id\":\"https:\/\/ceramin.de\/magazin\/ceramin-gewinnt-eifel-award-fuer-regionale-nachhaltigkeit\/#breadcrumb\",\"itemListElement\":[{\"@type\":\"ListItem\",\"position\":1,\"name\":\"Home\",\"item\":\"https:\/\/ceramin.de\/\"},{\"@type\":\"ListItem\",\"position\":2,\"name\":\"CERAMIN\u00ae gewinnt EIFEL Award f\u00fcr regionale Nachhaltigkeit\"}]},{\"@type\":\"WebSite\",\"@id\":\"https:\/\/ceramin.de\/#website\",\"url\":\"https:\/\/ceramin.de\/\",\"name\":\"CERAMIN\",\"description\":\"PVC-freie Wand- und Bodenbel\u00e4ge\",\"publisher\":{\"@id\":\"https:\/\/ceramin.de\/#organization\"},\"potentialAction\":[{\"@type\":\"SearchAction\",\"target\":{\"@type\":\"EntryPoint\",\"urlTemplate\":\"https:\/\/ceramin.de\/?s={search_term_string}\"},\"query-input\":{\"@type\":\"PropertyValueSpecification\",\"valueRequired\":true,\"valueName\":\"search_term_string\"}}],\"inLanguage\":\"en-GB\"},{\"@type\":\"Organization\",\"@id\":\"https:\/\/ceramin.de\/#organization\",\"name\":\"CERAMIN\",\"url\":\"https:\/\/ceramin.de\/\",\"logo\":{\"@type\":\"ImageObject\",\"inLanguage\":\"en-GB\",\"@id\":\"https:\/\/ceramin.de\/#\/schema\/logo\/image\/\",\"url\":\"https:\/\/ceramin.de\/wp-content\/uploads\/cropped-cropped-cropped-cropped-CERAMIN-Wortmarke_2022_Zeichenfla\u0308che-1-1024x245-1.png\",\"contentUrl\":\"https:\/\/ceramin.de\/wp-content\/uploads\/cropped-cropped-cropped-cropped-CERAMIN-Wortmarke_2022_Zeichenfla\u0308che-1-1024x245-1.png\",\"width\":1024,\"height\":245,\"caption\":\"CERAMIN\"},\"image\":{\"@id\":\"https:\/\/ceramin.de\/#\/schema\/logo\/image\/\"}},{\"@type\":\"Person\",\"@id\":\"https:\/\/ceramin.de\/#\/schema\/person\/ea139f3e473866f179e608d68b7d4f59\",\"name\":\"Clarissa Junk\",\"image\":{\"@type\":\"ImageObject\",\"inLanguage\":\"en-GB\",\"@id\":\"https:\/\/ceramin.de\/#\/schema\/person\/image\/\",\"url\":\"https:\/\/secure.gravatar.com\/avatar\/3ab0809df938f5d0a71d9ce575d3e495ad1ba064fcc59faab8c2ffca917aba86?s=96&d=mm&r=g\",\"contentUrl\":\"https:\/\/secure.gravatar.com\/avatar\/3ab0809df938f5d0a71d9ce575d3e495ad1ba064fcc59faab8c2ffca917aba86?s=96&d=mm&r=g\",\"caption\":\"Clarissa Junk\"},\"url\":\"https:\/\/ceramin.de\/en\/magazin\/author\/clarissa-junk\/\"}]}<\/script>\n<!-- \/ Yoast SEO Premium plugin. -->","yoast_head_json":{"title":"CERAMIN\u00ae gewinnt EIFEL Award f\u00fcr regionale Nachhaltigkeit","description":"CERAMIN\u00ae gewinnt EIFEL Award f\u00fcr regionale Nachhaltigkeit: CLASSEN wird mit dem EIFEL Award in Nachhaltigkeit ausgezeichnet f\u00fcr ihre umweltfreundlichen Leistungen mit dem Werkstoff CERAMIN\u00ae.","robots":{"index":"index","follow":"follow","max-snippet":"max-snippet:-1","max-image-preview":"max-image-preview:large","max-video-preview":"max-video-preview:-1"},"canonical":"https:\/\/ceramin.de\/en\/magazin\/the-ceramin-renovation-guide-6\/","og_locale":"en_GB","og_type":"article","og_title":"CERAMIN\u00ae gewinnt EIFEL Award f\u00fcr regionale Nachhaltigkeit","og_description":"CERAMIN\u00ae gewinnt EIFEL Award f\u00fcr regionale Nachhaltigkeit: CLASSEN wird mit dem EIFEL Award in Nachhaltigkeit ausgezeichnet f\u00fcr ihre umweltfreundlichen Leistungen mit dem Werkstoff CERAMIN\u00ae.","og_url":"https:\/\/ceramin.de\/en\/magazin\/the-ceramin-renovation-guide-6\/","og_site_name":"CERAMIN","article_published_time":"2024-01-31T10:34:51+00:00","article_modified_time":"2025-12-10T10:16:52+00:00","og_image":[{"width":2560,"height":1723,"url":"https:\/\/ceramin.de\/wp-content\/uploads\/EifelAward2023-42-Foto_EifelTourismusGmbH-PeterStollenwerk-scaled.jpg","type":"image\/jpeg"}],"author":"Clarissa Junk","twitter_card":"summary_large_image","twitter_misc":{"Written by":"Clarissa Junk","Estimated reading time":"3 minutes"},"schema":{"@context":"https:\/\/schema.org","@graph":[{"@type":"Article","@id":"https:\/\/ceramin.de\/magazin\/ceramin-gewinnt-eifel-award-fuer-regionale-nachhaltigkeit\/#article","isPartOf":{"@id":"https:\/\/ceramin.de\/magazin\/ceramin-gewinnt-eifel-award-fuer-regionale-nachhaltigkeit\/"},"author":{"name":"Clarissa Junk","@id":"https:\/\/ceramin.de\/#\/schema\/person\/ea139f3e473866f179e608d68b7d4f59"},"headline":"CERAMIN\u00ae gewinnt EIFEL Award f\u00fcr regionale Nachhaltigkeit","datePublished":"2024-01-31T10:34:51+00:00","dateModified":"2025-12-10T10:16:52+00:00","mainEntityOfPage":{"@id":"https:\/\/ceramin.de\/magazin\/ceramin-gewinnt-eifel-award-fuer-regionale-nachhaltigkeit\/"},"wordCount":509,"publisher":{"@id":"https:\/\/ceramin.de\/#organization"},"image":{"@id":"https:\/\/ceramin.de\/magazin\/ceramin-gewinnt-eifel-award-fuer-regionale-nachhaltigkeit\/#primaryimage"},"thumbnailUrl":"https:\/\/ceramin.de\/wp-content\/uploads\/EifelAward2023-42-Foto_EifelTourismusGmbH-PeterStollenwerk-scaled.jpg","keywords":["Infos"],"articleSection":["Magazin"],"inLanguage":"en-GB"},{"@type":"WebPage","@id":"https:\/\/ceramin.de\/magazin\/ceramin-gewinnt-eifel-award-fuer-regionale-nachhaltigkeit\/","url":"https:\/\/ceramin.de\/magazin\/ceramin-gewinnt-eifel-award-fuer-regionale-nachhaltigkeit\/","name":"CERAMIN\u00ae gewinnt EIFEL Award f\u00fcr regionale Nachhaltigkeit","isPartOf":{"@id":"https:\/\/ceramin.de\/#website"},"primaryImageOfPage":{"@id":"https:\/\/ceramin.de\/magazin\/ceramin-gewinnt-eifel-award-fuer-regionale-nachhaltigkeit\/#primaryimage"},"image":{"@id":"https:\/\/ceramin.de\/magazin\/ceramin-gewinnt-eifel-award-fuer-regionale-nachhaltigkeit\/#primaryimage"},"thumbnailUrl":"https:\/\/ceramin.de\/wp-content\/uploads\/EifelAward2023-42-Foto_EifelTourismusGmbH-PeterStollenwerk-scaled.jpg","datePublished":"2024-01-31T10:34:51+00:00","dateModified":"2025-12-10T10:16:52+00:00","description":"CERAMIN\u00ae gewinnt EIFEL Award f\u00fcr regionale Nachhaltigkeit: CLASSEN wird mit dem EIFEL Award in Nachhaltigkeit ausgezeichnet f\u00fcr ihre umweltfreundlichen Leistungen mit dem Werkstoff CERAMIN\u00ae.","breadcrumb":{"@id":"https:\/\/ceramin.de\/magazin\/ceramin-gewinnt-eifel-award-fuer-regionale-nachhaltigkeit\/#breadcrumb"},"inLanguage":"en-GB","potentialAction":[{"@type":"ReadAction","target":["https:\/\/ceramin.de\/magazin\/ceramin-gewinnt-eifel-award-fuer-regionale-nachhaltigkeit\/"]}]},{"@type":"ImageObject","inLanguage":"en-GB","@id":"https:\/\/ceramin.de\/magazin\/ceramin-gewinnt-eifel-award-fuer-regionale-nachhaltigkeit\/#primaryimage","url":"https:\/\/ceramin.de\/wp-content\/uploads\/EifelAward2023-42-Foto_EifelTourismusGmbH-PeterStollenwerk-scaled.jpg","contentUrl":"https:\/\/ceramin.de\/wp-content\/uploads\/EifelAward2023-42-Foto_EifelTourismusGmbH-PeterStollenwerk-scaled.jpg","width":2560,"height":1723},{"@type":"BreadcrumbList","@id":"https:\/\/ceramin.de\/magazin\/ceramin-gewinnt-eifel-award-fuer-regionale-nachhaltigkeit\/#breadcrumb","itemListElement":[{"@type":"ListItem","position":1,"name":"Home","item":"https:\/\/ceramin.de\/"},{"@type":"ListItem","position":2,"name":"CERAMIN\u00ae gewinnt EIFEL Award f\u00fcr regionale Nachhaltigkeit"}]},{"@type":"WebSite","@id":"https:\/\/ceramin.de\/#website","url":"https:\/\/ceramin.de\/","name":"CERAMIN","description":"PVC-freie Wand- und Bodenbel\u00e4ge","publisher":{"@id":"https:\/\/ceramin.de\/#organization"},"potentialAction":[{"@type":"SearchAction","target":{"@type":"EntryPoint","urlTemplate":"https:\/\/ceramin.de\/?s={search_term_string}"},"query-input":{"@type":"PropertyValueSpecification","valueRequired":true,"valueName":"search_term_string"}}],"inLanguage":"en-GB"},{"@type":"Organization","@id":"https:\/\/ceramin.de\/#organization","name":"CERAMIN","url":"https:\/\/ceramin.de\/","logo":{"@type":"ImageObject","inLanguage":"en-GB","@id":"https:\/\/ceramin.de\/#\/schema\/logo\/image\/","url":"https:\/\/ceramin.de\/wp-content\/uploads\/cropped-cropped-cropped-cropped-CERAMIN-Wortmarke_2022_Zeichenfla\u0308che-1-1024x245-1.png","contentUrl":"https:\/\/ceramin.de\/wp-content\/uploads\/cropped-cropped-cropped-cropped-CERAMIN-Wortmarke_2022_Zeichenfla\u0308che-1-1024x245-1.png","width":1024,"height":245,"caption":"CERAMIN"},"image":{"@id":"https:\/\/ceramin.de\/#\/schema\/logo\/image\/"}},{"@type":"Person","@id":"https:\/\/ceramin.de\/#\/schema\/person\/ea139f3e473866f179e608d68b7d4f59","name":"Clarissa Junk","image":{"@type":"ImageObject","inLanguage":"en-GB","@id":"https:\/\/ceramin.de\/#\/schema\/person\/image\/","url":"https:\/\/secure.gravatar.com\/avatar\/3ab0809df938f5d0a71d9ce575d3e495ad1ba064fcc59faab8c2ffca917aba86?s=96&d=mm&r=g","contentUrl":"https:\/\/secure.gravatar.com\/avatar\/3ab0809df938f5d0a71d9ce575d3e495ad1ba064fcc59faab8c2ffca917aba86?s=96&d=mm&r=g","caption":"Clarissa Junk"},"url":"https:\/\/ceramin.de\/en\/magazin\/author\/clarissa-junk\/"}]}},"_links":{"self":[{"href":"https:\/\/ceramin.de\/en\/wp-json\/wp\/v2\/posts\/6063","targetHints":{"allow":["GET"]}}],"collection":[{"href":"https:\/\/ceramin.de\/en\/wp-json\/wp\/v2\/posts"}],"about":[{"href":"https:\/\/ceramin.de\/en\/wp-json\/wp\/v2\/types\/post"}],"author":[{"embeddable":true,"href":"https:\/\/ceramin.de\/en\/wp-json\/wp\/v2\/users\/9"}],"replies":[{"embeddable":true,"href":"https:\/\/ceramin.de\/en\/wp-json\/wp\/v2\/comments?post=6063"}],"version-history":[{"count":13,"href":"https:\/\/ceramin.de\/en\/wp-json\/wp\/v2\/posts\/6063\/revisions"}],"predecessor-version":[{"id":6086,"href":"https:\/\/ceramin.de\/en\/wp-json\/wp\/v2\/posts\/6063\/revisions\/6086"}],"wp:featuredmedia":[{"embeddable":true,"href":"https:\/\/ceramin.de\/en\/wp-json\/wp\/v2\/media\/6082"}],"wp:attachment":[{"href":"https:\/\/ceramin.de\/en\/wp-json\/wp\/v2\/media?parent=6063"}],"wp:term":[{"taxonomy":"category","embeddable":true,"href":"https:\/\/ceramin.de\/en\/wp-json\/wp\/v2\/categories?post=6063"},{"taxonomy":"post_tag","embeddable":true,"href":"https:\/\/ceramin.de\/en\/wp-json\/wp\/v2\/tags?post=6063"}],"curies":[{"name":"wp","href":"https:\/\/api.w.org\/{rel}","templated":true}]}}